{"@context":"https:\/\/schema.org\/","@type":"CollectionPage","@id":"https:\/\/www.sitag.cz\/business\/#CollectionPage","headline":"Business Category","description":"","url":"https:\/\/www.sitag.cz\/business\/","hasPart":[{"@type":"Article","@id":"https:\/\/www.sitag.cz\/nove-zazitky-i-ve-vasem-meste\/","headline":"Nov\u00e9 z\u00e1\u017eitky i ve va\u0161em m\u011bst\u011b","url":"https:\/\/www.sitag.cz\/nove-zazitky-i-ve-vasem-meste\/","datePublished":"2024-12-16","dateModified":"2024-12-16","mainEntityOfPage":"https:\/\/www.sitag.cz\/nove-zazitky-i-ve-vasem-meste\/","author":{"@type":"Person","@id":"https:\/\/www.sitag.cz\/author\/#Person","name":"","url":"https:\/\/www.sitag.cz\/author\/","identifier":1,"image":{"@type":"ImageObject","@id":"https:\/\/secure.gravatar.com\/avatar\/e32c915fa5b274a4469e3ef5c1f9837e76577a60613858c5c8a74a3de98e33bc?s=96&d=mm&r=g","url":"https:\/\/secure.gravatar.com\/avatar\/e32c915fa5b274a4469e3ef5c1f9837e76577a60613858c5c8a74a3de98e33bc?s=96&d=mm&r=g","height":96,"width":96}},"publisher":{"@type":"Organization","name":"sitag.cz","logo":{"@type":"ImageObject","@id":"\/logo.png","url":"\/logo.png","width":600,"height":60}},"image":{"@type":"ImageObject","@id":"https:\/\/www.sitag.cz\/wp-content\/uploads\/people-2565369_640_4.jpg","url":"https:\/\/www.sitag.cz\/wp-content\/uploads\/people-2565369_640_4.jpg","height":0,"width":0},"keywords":null},{"@type":"Article","@id":"https:\/\/www.sitag.cz\/co-si-bere-na-starost-uklidova-firma-v-kancelari\/","headline":"Co si bere na starost \u00faklidov\u00e1 firma v kancel\u00e1\u0159i","url":"https:\/\/www.sitag.cz\/co-si-bere-na-starost-uklidova-firma-v-kancelari\/","datePublished":"2024-12-10","dateModified":"2024-12-10","mainEntityOfPage":"https:\/\/www.sitag.cz\/co-si-bere-na-starost-uklidova-firma-v-kancelari\/","author":{"@type":"Person","@id":"https:\/\/www.sitag.cz\/author\/#Person","name":"","url":"https:\/\/www.sitag.cz\/author\/","identifier":1,"image":{"@type":"ImageObject","@id":"https:\/\/secure.gravatar.com\/avatar\/e32c915fa5b274a4469e3ef5c1f9837e76577a60613858c5c8a74a3de98e33bc?s=96&d=mm&r=g","url":"https:\/\/secure.gravatar.com\/avatar\/e32c915fa5b274a4469e3ef5c1f9837e76577a60613858c5c8a74a3de98e33bc?s=96&d=mm&r=g","height":96,"width":96}},"publisher":{"@type":"Organization","name":"sitag.cz","logo":{"@type":"ImageObject","@id":"\/logo.png","url":"\/logo.png","width":600,"height":60}},"image":{"@type":"ImageObject","@id":"https:\/\/www.sitag.cz\/wp-content\/uploads\/chairs-2181916_640_7.jpg","url":"https:\/\/www.sitag.cz\/wp-content\/uploads\/chairs-2181916_640_7.jpg","height":0,"width":0},"keywords":null},{"@type":"Article","@id":"https:\/\/www.sitag.cz\/hledate-autoskolu-v-praze\/","headline":"Hled\u00e1te auto\u0161kolu v Praze?","url":"https:\/\/www.sitag.cz\/hledate-autoskolu-v-praze\/","datePublished":"2024-10-21","dateModified":"2024-10-21","mainEntityOfPage":"https:\/\/www.sitag.cz\/hledate-autoskolu-v-praze\/","author":{"@type":"Person","@id":"https:\/\/www.sitag.cz\/author\/#Person","name":"","url":"https:\/\/www.sitag.cz\/author\/","identifier":1,"image":{"@type":"ImageObject","@id":"https:\/\/secure.gravatar.com\/avatar\/e32c915fa5b274a4469e3ef5c1f9837e76577a60613858c5c8a74a3de98e33bc?s=96&d=mm&r=g","url":"https:\/\/secure.gravatar.com\/avatar\/e32c915fa5b274a4469e3ef5c1f9837e76577a60613858c5c8a74a3de98e33bc?s=96&d=mm&r=g","height":96,"width":96}},"publisher":{"@type":"Organization","name":"sitag.cz","logo":{"@type":"ImageObject","@id":"\/logo.png","url":"\/logo.png","width":600,"height":60}},"image":{"@type":"ImageObject","@id":"https:\/\/www.sitag.cz\/wp-content\/uploads\/aaaaa_10_7.jpg","url":"https:\/\/www.sitag.cz\/wp-content\/uploads\/aaaaa_10_7.jpg","height":0,"width":0},"keywords":null},{"@type":"Article","@id":"https:\/\/www.sitag.cz\/stehujeme-se-i-do-ciziny\/","headline":"St\u011bhujeme se i do ciziny","url":"https:\/\/www.sitag.cz\/stehujeme-se-i-do-ciziny\/","datePublished":"2024-10-14","dateModified":"2024-10-14","mainEntityOfPage":"https:\/\/www.sitag.cz\/stehujeme-se-i-do-ciziny\/","author":{"@type":"Person","@id":"https:\/\/www.sitag.cz\/author\/#Person","name":"","url":"https:\/\/www.sitag.cz\/author\/","identifier":1,"image":{"@type":"ImageObject","@id":"https:\/\/secure.gravatar.com\/avatar\/e32c915fa5b274a4469e3ef5c1f9837e76577a60613858c5c8a74a3de98e33bc?s=96&d=mm&r=g","url":"https:\/\/secure.gravatar.com\/avatar\/e32c915fa5b274a4469e3ef5c1f9837e76577a60613858c5c8a74a3de98e33bc?s=96&d=mm&r=g","height":96,"width":96}},"publisher":{"@type":"Organization","name":"sitag.cz","logo":{"@type":"ImageObject","@id":"\/logo.png","url":"\/logo.png","width":600,"height":60}},"image":{"@type":"ImageObject","@id":"https:\/\/www.sitag.cz\/wp-content\/uploads\/ss_10_10_10_10_10_10_10_4.jpg","url":"https:\/\/www.sitag.cz\/wp-content\/uploads\/ss_10_10_10_10_10_10_10_4.jpg","height":0,"width":0},"keywords":null},{"@type":"Article","@id":"https:\/\/www.sitag.cz\/virtualni-sidlo-pro-osvc-v-praze\/","headline":"Virtu\u00e1ln\u00ed s\u00eddlo pro OSV\u010c v Praze","url":"https:\/\/www.sitag.cz\/virtualni-sidlo-pro-osvc-v-praze\/","datePublished":"2024-10-11","dateModified":"2024-10-11","mainEntityOfPage":"https:\/\/www.sitag.cz\/virtualni-sidlo-pro-osvc-v-praze\/","author":{"@type":"Person","@id":"https:\/\/www.sitag.cz\/author\/#Person","name":"","url":"https:\/\/www.sitag.cz\/author\/","identifier":1,"image":{"@type":"ImageObject","@id":"https:\/\/secure.gravatar.com\/avatar\/e32c915fa5b274a4469e3ef5c1f9837e76577a60613858c5c8a74a3de98e33bc?s=96&d=mm&r=g","url":"https:\/\/secure.gravatar.com\/avatar\/e32c915fa5b274a4469e3ef5c1f9837e76577a60613858c5c8a74a3de98e33bc?s=96&d=mm&r=g","height":96,"width":96}},"publisher":{"@type":"Organization","name":"sitag.cz","logo":{"@type":"ImageObject","@id":"\/logo.png","url":"\/logo.png","width":600,"height":60}},"image":{"@type":"ImageObject","@id":"https:\/\/www.sitag.cz\/wp-content\/uploads\/prague-3530895_640.jpg","url":"https:\/\/www.sitag.cz\/wp-content\/uploads\/prague-3530895_640.jpg","height":0,"width":0},"keywords":null},{"@type":"Article","@id":"https:\/\/www.sitag.cz\/revize-elektrospotrebicu-nepodcenujte\/","headline":"Revize elektrospot\u0159ebi\u010d\u016f nepodce\u0148ujte","url":"https:\/\/www.sitag.cz\/revize-elektrospotrebicu-nepodcenujte\/","datePublished":"2024-10-06","dateModified":"2024-10-06","mainEntityOfPage":"https:\/\/www.sitag.cz\/revize-elektrospotrebicu-nepodcenujte\/","author":{"@type":"Person","@id":"https:\/\/www.sitag.cz\/author\/#Person","name":"","url":"https:\/\/www.sitag.cz\/author\/","identifier":1,"image":{"@type":"ImageObject","@id":"https:\/\/secure.gravatar.com\/avatar\/e32c915fa5b274a4469e3ef5c1f9837e76577a60613858c5c8a74a3de98e33bc?s=96&d=mm&r=g","url":"https:\/\/secure.gravatar.com\/avatar\/e32c915fa5b274a4469e3ef5c1f9837e76577a60613858c5c8a74a3de98e33bc?s=96&d=mm&r=g","height":96,"width":96}},"publisher":{"@type":"Organization","name":"sitag.cz","logo":{"@type":"ImageObject","@id":"\/logo.png","url":"\/logo.png","width":600,"height":60}},"image":{"@type":"ImageObject","@id":"https:\/\/www.sitag.cz\/wp-content\/uploads\/electric-kettle-6966011_640_3.jpg","url":"https:\/\/www.sitag.cz\/wp-content\/uploads\/electric-kettle-6966011_640_3.jpg","height":0,"width":0},"keywords":null},{"@type":"Article","@id":"https:\/\/www.sitag.cz\/kamerovy-system\/","headline":"Kamerov\u00fd syst\u00e9m","url":"https:\/\/www.sitag.cz\/kamerovy-system\/","datePublished":"2024-06-11","dateModified":"2024-06-11","mainEntityOfPage":"https:\/\/www.sitag.cz\/kamerovy-system\/","author":{"@type":"Person","@id":"https:\/\/www.sitag.cz\/author\/#Person","name":"","url":"https:\/\/www.sitag.cz\/author\/","identifier":1,"image":{"@type":"ImageObject","@id":"https:\/\/secure.gravatar.com\/avatar\/e32c915fa5b274a4469e3ef5c1f9837e76577a60613858c5c8a74a3de98e33bc?s=96&d=mm&r=g","url":"https:\/\/secure.gravatar.com\/avatar\/e32c915fa5b274a4469e3ef5c1f9837e76577a60613858c5c8a74a3de98e33bc?s=96&d=mm&r=g","height":96,"width":96}},"publisher":{"@type":"Organization","name":"sitag.cz","logo":{"@type":"ImageObject","@id":"\/logo.png","url":"\/logo.png","width":600,"height":60}},"image":{"@type":"ImageObject","@id":"https:\/\/www.sitag.cz\/wp-content\/uploads\/security-camera-5642120_640_10_10_2.jpg","url":"https:\/\/www.sitag.cz\/wp-content\/uploads\/security-camera-5642120_640_10_10_2.jpg","height":0,"width":0},"keywords":null},{"@type":"Article","@id":"https:\/\/www.sitag.cz\/koberec-v-domacnosti\/","headline":"Koberec v dom\u00e1cnosti","url":"https:\/\/www.sitag.cz\/koberec-v-domacnosti\/","datePublished":"2024-06-11","dateModified":"2024-06-11","mainEntityOfPage":"https:\/\/www.sitag.cz\/koberec-v-domacnosti\/","author":{"@type":"Person","@id":"https:\/\/www.sitag.cz\/author\/#Person","name":"","url":"https:\/\/www.sitag.cz\/author\/","identifier":1,"image":{"@type":"ImageObject","@id":"https:\/\/secure.gravatar.com\/avatar\/e32c915fa5b274a4469e3ef5c1f9837e76577a60613858c5c8a74a3de98e33bc?s=96&d=mm&r=g","url":"https:\/\/secure.gravatar.com\/avatar\/e32c915fa5b274a4469e3ef5c1f9837e76577a60613858c5c8a74a3de98e33bc?s=96&d=mm&r=g","height":96,"width":96}},"publisher":{"@type":"Organization","name":"sitag.cz","logo":{"@type":"ImageObject","@id":"\/logo.png","url":"\/logo.png","width":600,"height":60}},"image":{"@type":"ImageObject","@id":"https:\/\/www.sitag.cz\/wp-content\/uploads\/goat-hair-612872_640_7.jpg","url":"https:\/\/www.sitag.cz\/wp-content\/uploads\/goat-hair-612872_640_7.jpg","height":0,"width":0},"keywords":null},{"@type":"Article","@id":"https:\/\/www.sitag.cz\/navsteva-zubare\/","headline":"N\u00e1v\u0161t\u011bva zuba\u0159e","url":"https:\/\/www.sitag.cz\/navsteva-zubare\/","datePublished":"2024-04-16","dateModified":"2024-05-20","mainEntityOfPage":"https:\/\/www.sitag.cz\/navsteva-zubare\/","author":{"@type":"Person","@id":"https:\/\/www.sitag.cz\/author\/#Person","name":"","url":"https:\/\/www.sitag.cz\/author\/","identifier":1,"image":{"@type":"ImageObject","@id":"https:\/\/secure.gravatar.com\/avatar\/e32c915fa5b274a4469e3ef5c1f9837e76577a60613858c5c8a74a3de98e33bc?s=96&d=mm&r=g","url":"https:\/\/secure.gravatar.com\/avatar\/e32c915fa5b274a4469e3ef5c1f9837e76577a60613858c5c8a74a3de98e33bc?s=96&d=mm&r=g","height":96,"width":96}},"publisher":{"@type":"Organization","name":"sitag.cz","logo":{"@type":"ImageObject","@id":"\/logo.png","url":"\/logo.png","width":600,"height":60}},"image":{"@type":"ImageObject","@id":"https:\/\/www.sitag.cz\/wp-content\/uploads\/pexels-pixabay-65665_3.jpg","url":"https:\/\/www.sitag.cz\/wp-content\/uploads\/pexels-pixabay-65665_3.jpg","height":0,"width":0},"keywords":null},{"@type":"Article","@id":"https:\/\/www.sitag.cz\/co-vam-prinese-kurz-jogy\/","headline":"Co v\u00e1m p\u0159inese kurz j\u00f3gy","url":"https:\/\/www.sitag.cz\/co-vam-prinese-kurz-jogy\/","datePublished":"2024-04-13","dateModified":"2024-05-13","mainEntityOfPage":"https:\/\/www.sitag.cz\/co-vam-prinese-kurz-jogy\/","author":{"@type":"Person","@id":"https:\/\/www.sitag.cz\/author\/#Person","name":"","url":"https:\/\/www.sitag.cz\/author\/","identifier":1,"image":{"@type":"ImageObject","@id":"https:\/\/secure.gravatar.com\/avatar\/e32c915fa5b274a4469e3ef5c1f9837e76577a60613858c5c8a74a3de98e33bc?s=96&d=mm&r=g","url":"https:\/\/secure.gravatar.com\/avatar\/e32c915fa5b274a4469e3ef5c1f9837e76577a60613858c5c8a74a3de98e33bc?s=96&d=mm&r=g","height":96,"width":96}},"publisher":{"@type":"Organization","name":"sitag.cz","logo":{"@type":"ImageObject","@id":"\/logo.png","url":"\/logo.png","width":600,"height":60}},"image":{"@type":"ImageObject","@id":"https:\/\/www.sitag.cz\/wp-content\/uploads\/yoga-3053488_640_10_2.jpg","url":"https:\/\/www.sitag.cz\/wp-content\/uploads\/yoga-3053488_640_10_2.jpg","height":0,"width":0},"keywords":null}]}