[{"@context":"https:\/\/schema.org\/","@type":"Article","@id":"https:\/\/www.sitag.cz\/nadherna-na-prvni-pohled\/#Article","mainEntityOfPage":"https:\/\/www.sitag.cz\/nadherna-na-prvni-pohled\/","headline":"N\u00e1dhern\u00e1 na prvn\u00ed pohled","name":"N\u00e1dhern\u00e1 na prvn\u00ed pohled","description":"Bl\u00ed\u017e\u00ed se chv\u00edle, kdy si v\u00e1s ten vyvolen\u00fd vezme za \u017eenu? Nechcete v tento den nic zanedbat a chcete si u\u017e\u00edt ka\u017ed\u00fd moment? Chcete b\u00fdt kr\u00e1sn\u00e1 ka\u017ed\u00fdm detailem a okouzlit sv\u00e9ho mil\u00e9ho i sama sebe? O to v\u011bt\u0161\u00ed d\u016fvod vybrat si ty nejkr\u00e1sn\u011bj\u0161\u00ed svatebn\u00ed \u0161aty. Nemus\u00edte si je \u0161\u00edt ani rovnou kupovat. Vyu\u017e\u00edt m\u016f\u017eete p\u016fj\u010dovnu, [&hellip;]","datePublished":"2023-09-20","dateModified":"2023-09-20","author":{"@type":"Person","@id":"https:\/\/www.sitag.cz\/author\/#Person","name":"","url":"https:\/\/www.sitag.cz\/author\/","identifier":1,"image":{"@type":"ImageObject","@id":"https:\/\/secure.gravatar.com\/avatar\/e32c915fa5b274a4469e3ef5c1f9837e76577a60613858c5c8a74a3de98e33bc?s=96&d=mm&r=g","url":"https:\/\/secure.gravatar.com\/avatar\/e32c915fa5b274a4469e3ef5c1f9837e76577a60613858c5c8a74a3de98e33bc?s=96&d=mm&r=g","height":96,"width":96}},"publisher":{"@type":"Organization","name":"sitag.cz","logo":{"@type":"ImageObject","@id":"\/logo.png","url":"\/logo.png","width":600,"height":60}},"url":"https:\/\/www.sitag.cz\/nadherna-na-prvni-pohled\/","wordCount":251,"articleBody":"Bl\u00ed\u017e\u00ed se chv\u00edle, kdy si v\u00e1s ten vyvolen\u00fd vezme za \u017eenu? Nechcete v tento den nic zanedbat a chcete si u\u017e\u00edt ka\u017ed\u00fd moment? Chcete b\u00fdt kr\u00e1sn\u00e1 ka\u017ed\u00fdm detailem a okouzlit sv\u00e9ho mil\u00e9ho i sama sebe? O to v\u011bt\u0161\u00ed d\u016fvod vybrat si ty nejkr\u00e1sn\u011bj\u0161\u00ed svatebn\u00ed \u0161aty. Nemus\u00edte si je \u0161\u00edt ani rovnou kupovat. Vyu\u017e\u00edt m\u016f\u017eete p\u016fj\u010dovnu, kter\u00e1 v\u00e1m nab\u00eddne nejen n\u00e1dhern\u00e9 modely, ale i kompletn\u00ed servis, kter\u00fd k tomu pat\u0159\u00ed. Zajist\u00e9 si u\u017eijete u\u017e jen prvn\u00ed zkou\u0161en\u00ed a budete se c\u00edtit, jako ten nejd\u016fle\u017eit\u011bj\u0161\u00ed \u010dlov\u011bk na sv\u011bt\u011b. P\u0159esn\u011b takov\u00e9 pocity m\u00e1 ve v\u00e1s vyvolat i v\u00e1\u0161 velk\u00fd den. Nen\u00ed d\u016fvod se odb\u00fdvat, je d\u016fvod si v\u0161echno u\u017e\u00edt, a\u017e do posledn\u00edho detailu.D\u016fle\u017eit\u00e9 je i pohodl\u00edKrom\u011b toho, aby byly svatebn\u00ed \u0161aty kr\u00e1sn\u00e9 a nev\u011bst\u011b slu\u0161ely, d\u016fle\u017eit\u00e9 je taky to, aby se samotn\u00e1 vyvolen\u00e1 v nich c\u00edtila dob\u0159e. Pokud si v nich nebude moct ani sednout, \u010di bude muset ka\u017edou chv\u00edli kontrolovat, jestli n\u011bkde n\u011bco nepad\u00e1, \u010di se nerozvazuje, sv\u016fj den by si asi moc neu\u017eila. D\u00edky v\u00fdb\u011bru, kter\u00fd budete m\u00edt k dispozici, si ur\u010dit\u011b vyberete takov\u00e9, kter\u00e9 v\u00e1m budou jak slu\u0161et, tak se v nich budete c\u00edtit skv\u011ble.                                                                                                                                                                                                                                                                                                                                                                                        3.8\/5 - (6 votes)        "},{"@context":"https:\/\/schema.org\/","@type":"BreadcrumbList","itemListElement":[{"@type":"ListItem","position":1,"name":"N\u00e1dhern\u00e1 na prvn\u00ed pohled","item":"https:\/\/www.sitag.cz\/nadherna-na-prvni-pohled\/#breadcrumbitem"}]}]