[{"@context":"https:\/\/schema.org\/","@type":"Article","@id":"https:\/\/www.sitag.cz\/odpocinte-si\/#Article","mainEntityOfPage":"https:\/\/www.sitag.cz\/odpocinte-si\/","headline":"Odpo\u010di\u0148te si","name":"Odpo\u010di\u0148te si","description":"Snad ka\u017ed\u00fd u\u017e n\u011bkdy sly\u0161el o pobytu v Jesen\u00edk\u00e1ch. A kdo ne, tak ten to mus\u00ed napravit. Jesen\u00edky jsou toti\u017e n\u00e1dhern\u00e9 m\u00edsto s \u00fa\u017easnou p\u0159\u00edrodou a v\u00fdhledem na vzd\u00e1len\u00e9 okol\u00ed. Co takhle ud\u011blat partnerce radost a vz\u00edt ji do na\u0161ich apartm\u00e1n\u016f Jesen\u00edky Apartmanymax? Ur\u010dit\u011b se j\u00ed tady bude l\u00edbit. V cen\u011b je nejenom ubytov\u00e1n\u00ed, ale [&hellip;]","datePublished":"2024-01-21","dateModified":"2024-02-21","author":{"@type":"Person","@id":"https:\/\/www.sitag.cz\/author\/#Person","name":"","url":"https:\/\/www.sitag.cz\/author\/","identifier":1,"image":{"@type":"ImageObject","@id":"https:\/\/secure.gravatar.com\/avatar\/e32c915fa5b274a4469e3ef5c1f9837e76577a60613858c5c8a74a3de98e33bc?s=96&d=mm&r=g","url":"https:\/\/secure.gravatar.com\/avatar\/e32c915fa5b274a4469e3ef5c1f9837e76577a60613858c5c8a74a3de98e33bc?s=96&d=mm&r=g","height":96,"width":96}},"publisher":{"@type":"Organization","name":"sitag.cz","logo":{"@type":"ImageObject","@id":"\/logo.png","url":"\/logo.png","width":600,"height":60}},"image":{"@type":"ImageObject","@id":"https:\/\/www.sitag.cz\/wp-content\/uploads\/pexels-pixabay-271639%20(1)_3.jpg","url":"https:\/\/www.sitag.cz\/wp-content\/uploads\/pexels-pixabay-271639%20(1)_3.jpg","height":0,"width":0},"url":"https:\/\/www.sitag.cz\/odpocinte-si\/","about":["Business"],"wordCount":437,"articleBody":"   Snad ka\u017ed\u00fd u\u017e n\u011bkdy sly\u0161el o pobytu v Jesen\u00edk\u00e1ch. A kdo ne, tak ten to mus\u00ed napravit. Jesen\u00edky jsou toti\u017e n\u00e1dhern\u00e9 m\u00edsto s \u00fa\u017easnou p\u0159\u00edrodou a v\u00fdhledem na vzd\u00e1len\u00e9 okol\u00ed. Co takhle ud\u011blat partnerce radost a vz\u00edt ji do na\u0161ich apartm\u00e1n\u016f Jesen\u00edky Apartmanymax? Ur\u010dit\u011b se j\u00ed tady bude l\u00edbit. V cen\u011b je nejenom ubytov\u00e1n\u00ed, ale i sn\u00eddan\u011b v cen\u011b, wellness, nebo t\u0159eba sauna. Ka\u017ed\u00fd si tady najde to sv\u00e9. Mimochodem, v\u011bd\u011bli jste, \u017ee wellness v\u00e1s t\u0159eba perfektn\u011b m\u016f\u017ee zbavit bolesti zad? Mnoho lid\u00ed to nev\u00ed, ale opravdu to tak je a je to tak jednoduch\u00e9. J\u00e1 osobn\u011b wellness \u00fapln\u011b zbo\u017e\u0148uji a letos m\u011b p\u0159\u00edtel do wellness vezme, sl\u00edbil mi to. A p\u0159em\u00fd\u0161l\u00edm, \u017ee bych mu mohla pr\u00e1v\u011b Jesen\u00edky uk\u00e1zat. P\u0159\u00edjemn\u00e9 m\u00edsto, kde si \u010dlov\u011bk odpo\u010dine, na\u010derp\u00e1 energii a bude se c\u00edtit fakt dob\u0159e a bo\u017esky. A to je n\u011bkdy pot\u0159eba. Taky ob\u010das zapom\u00edn\u00e1m na to, \u017ee bych si m\u011bla odpo\u010dinout a myslet taky trochu i na sebe, ne jenom na ostatn\u00ed. Ale ono je to docela t\u011b\u017ek\u00e9. J\u00e1 prvn\u011b mysl\u00edm v\u017edycky na ty druh\u00e9 ne\u017e na sebe. Ale tentokr\u00e1t jsem ud\u011blala v\u00fdjimku a v\u00fdlet si ud\u011bl\u00e1me, ud\u011bl\u00e1me si hezk\u00fd den a oba si kone\u010dn\u011b po dlouh\u00e9 dob\u011b odpo\u010dineme. U\u017e se na to t\u011b\u0161\u00edm. Po\u0159\u00e1d jenom pracuji a na sebe v\u016fbec nem\u00e1m \u010das. Do toho se sna\u017e\u00edm skloubit je\u0161t\u011b rodinu a dom\u00e1cnost a nen\u00ed to ale v\u016fbec lehk\u00e9. Ale zat\u00edm to n\u011bjak zvl\u00e1d\u00e1m, a to je nejd\u016fle\u017eit\u011bj\u0161\u00ed. Je dob\u0159e, \u017ee jsem se kone\u010dn\u011b odv\u00e1\u017eila zvolit a ud\u011blat si trochu volna. To bude balada. A co vy? Jak jste na tom? Taky ob\u010das zapom\u00edn\u00e1te na to, \u017ee byste si m\u011bli ud\u011blat \u010das i sami na sebe a nemyslet po\u0159\u00e1d jenom na ostatn\u00ed? V\u011b\u0159te mi, \u017ee \u010das str\u00e1ven\u00fd relaxem a odpo\u010dinkem v\u00e1m jenom prosp\u011bje a dobije v\u00e1m baterky tak, \u017ee z toho budete nad\u0161en\u00ed. A ide\u00e1ln\u00ed je zav\u00edtat do apartm\u00e1n\u016f Jesen\u00edky, kter\u00e9 jsou \u00fa\u017easn\u00fdm m\u00edstem k odpo\u010dinku a k tomu, abyste si kone\u010dn\u011b trochu odpo\u010dinuli a zrelaxovali svoji mysl a i t\u011blo&#8230;.                                                                                                                                                                                                                                                                                                                                                                                          3.8\/5 - (6 votes)        "},{"@context":"https:\/\/schema.org\/","@type":"BreadcrumbList","itemListElement":[{"@type":"ListItem","position":1,"name":"Odpo\u010di\u0148te si","item":"https:\/\/www.sitag.cz\/odpocinte-si\/#breadcrumbitem"}]}]