[{"@context":"https:\/\/schema.org\/","@type":"Article","@id":"https:\/\/www.sitag.cz\/virtualni-sidlo-pro-osvc-v-praze\/#Article","mainEntityOfPage":"https:\/\/www.sitag.cz\/virtualni-sidlo-pro-osvc-v-praze\/","headline":"Virtu\u00e1ln\u00ed s\u00eddlo pro OSV\u010c v Praze","name":"Virtu\u00e1ln\u00ed s\u00eddlo pro OSV\u010c v Praze","description":"Osoba samostatn\u011b v\u00fdd\u011ble\u010dn\u011b \u010dinn\u00e1 aneb OSV\u010c to nem\u00e1 v \u017eivot\u011b snadn\u00e9. Postavit se na vlastn\u00ed nohy a b\u00fdt zcela nez\u00e1visl\u00fd na okol\u00ed je n\u011bkdy tak trochu z\u00e1pas Don Quijota s v\u011btrn\u00fdmi ml\u00fdny a p\u0159isp\u00edv\u00e1 k tomu i postoj \u0161irok\u00e9 ve\u0159ejnosti k mezilidsk\u00fdm vztah\u016fm. Ty se za posledn\u00edch pades\u00e1t let v\u00fdrazn\u011b zhor\u0161ily a p\u0159isp\u011bly k roz\u0161\u00ed\u0159en\u00ed [&hellip;]","datePublished":"2024-10-11","dateModified":"2024-10-11","author":{"@type":"Person","@id":"https:\/\/www.sitag.cz\/author\/#Person","name":"","url":"https:\/\/www.sitag.cz\/author\/","identifier":1,"image":{"@type":"ImageObject","@id":"https:\/\/secure.gravatar.com\/avatar\/e32c915fa5b274a4469e3ef5c1f9837e76577a60613858c5c8a74a3de98e33bc?s=96&d=mm&r=g","url":"https:\/\/secure.gravatar.com\/avatar\/e32c915fa5b274a4469e3ef5c1f9837e76577a60613858c5c8a74a3de98e33bc?s=96&d=mm&r=g","height":96,"width":96}},"publisher":{"@type":"Organization","name":"sitag.cz","logo":{"@type":"ImageObject","@id":"\/logo.png","url":"\/logo.png","width":600,"height":60}},"image":{"@type":"ImageObject","@id":"https:\/\/www.sitag.cz\/wp-content\/uploads\/prague-3530895_640.jpg","url":"https:\/\/www.sitag.cz\/wp-content\/uploads\/prague-3530895_640.jpg","height":0,"width":0},"url":"https:\/\/www.sitag.cz\/virtualni-sidlo-pro-osvc-v-praze\/","about":["Business"],"wordCount":430,"articleBody":"      Osoba samostatn\u011b v\u00fdd\u011ble\u010dn\u011b \u010dinn\u00e1 aneb OSV\u010c to nem\u00e1 v \u017eivot\u011b snadn\u00e9. Postavit se na vlastn\u00ed nohy a b\u00fdt zcela nez\u00e1visl\u00fd na okol\u00ed je n\u011bkdy tak trochu z\u00e1pas Don Quijota s v\u011btrn\u00fdmi ml\u00fdny a p\u0159isp\u00edv\u00e1 k tomu i postoj \u0161irok\u00e9 ve\u0159ejnosti k mezilidsk\u00fdm vztah\u016fm. Ty se za posledn\u00edch pades\u00e1t let v\u00fdrazn\u011b zhor\u0161ily a p\u0159isp\u011bly k roz\u0161\u00ed\u0159en\u00ed chronick\u00e9ho stresu ve spole\u010dnosti. Jedn\u00edm z neblah\u00fdch aspekt\u016f sou\u010dasn\u00e9 situace je tak\u00e9 z\u00e1vist a ta postihuje zejm\u00e9na jedince na mal\u00fdch m\u011bstech a na venkov\u011b, kde se lid\u00e9 navz\u00e1jem dob\u0159e znaj\u00ed. \u010c\u00edm v\u00edce o sob\u011b poskytnete informac\u00ed t\u0159eba v hospod\u011b u piva, t\u00edm v\u00edce mohou b\u00fdt zneu\u017eiteln\u00e9 proti v\u00e1m, n\u011bkte\u0159\u00ed lid\u00e9 o sob\u011b navykl\u00e1daj\u00ed kde co, n\u011bkdy se vychloubaj\u00ed a zveli\u010duj\u00ed sv\u00e9 \u00fasp\u011bchy, a t\u00fdk\u00e1 se to i podnik\u00e1n\u00ed.Jestli\u017ee se OSV\u010c t\u00edmto zp\u016fsobem ve sv\u00e9m okol\u00ed odhal\u00ed a prozrad\u00ed o sob\u011b i sv\u00e9 \u00fasp\u011bchy, ne ka\u017ed\u00fd to ustoj\u00ed a postav\u00ed se k tomu \u010delem. N\u011bkte\u0159\u00ed lid\u00e9 ze z\u00e1visti p\u00e1chaj\u00ed i z\u00e1va\u017enou trestnou \u010dinnost, jen aby ukojili sv\u00e9 pochrouman\u00e9 sebev\u011bdom\u00ed. T\u00edmto chceme ka\u017ed\u00e9mu z v\u00e1s, co jste nebo chcete b\u00fdt OSV\u010c, abyste zv\u00e1\u017eili virtu\u00e1ln\u00ed s\u00eddlo pro OSV\u010c v Praze. Tamn\u00ed anonymn\u00ed prost\u0159ed\u00ed zcela pozm\u011bn\u00ed r\u00e1z va\u0161\u00ed \u010dinnosti, brzy zjist\u00edte, \u017ee tu nejste pod dohledem, a \u017ee va\u0161e kroky k \u00fasp\u011bchu v podnik\u00e1n\u00ed nikoho nezaj\u00edmaj\u00ed. Tam, kde lid\u00e9 nic nev\u00ed a nemaj\u00ed \u017e\u00e1dn\u00e9 informace, nemohou ani z\u00e1vid\u011bt, a pr\u00e1v\u011b to v\u00e1m u\u0161et\u0159\u00ed mnoh\u00e9 trable.OSV\u010c z\u00edsk\u00e1 v Praze i virtu\u00e1ln\u00ed kancel\u00e1\u0159 neboli zasedac\u00ed m\u00edstnost, kde lze vy\u0159izovat administrativu a projedn\u00e1vat obsah obchodn\u00edch \u010di jin\u00fdch partnersk\u00fdch sch\u016fzek. Zaseda\u010dka je tu v\u00fdhodn\u00e1, proto\u017ee se v\u0161e odehr\u00e1v\u00e1 za zav\u0159en\u00fdmi dve\u0159mi a nikdo zven\u010d\u00ed nem\u00e1 \u0161anci o va\u0161em z\u00e1m\u011bru cokoli zjistit. V\u00fdhodn\u00e1 je i Praha sama o sob\u011b, nebo\u0165 jde o reprezentativn\u00ed prost\u0159ed\u00ed, v n\u011bm\u017e m\u016f\u017eete se sv\u00fdmi p\u0159\u00e1teli zaj\u00edt do vyhl\u00e1\u0161en\u00e9 restaurace a prohl\u00e9dnout si n\u011bkter\u00e9 zaj\u00edmav\u00e9 historick\u00e9 pam\u00e1tky nebo p\u0159\u00edrodn\u00ed kr\u00e1sy, kter\u00fdch je v na\u0161em hlavn\u00edm m\u011bst\u011b bezpo\u010det.                                                                                                                                                                                                                                                                                                                                                                                          4.5\/5 - (8 votes)        "},{"@context":"https:\/\/schema.org\/","@type":"BreadcrumbList","itemListElement":[{"@type":"ListItem","position":1,"name":"Virtu\u00e1ln\u00ed s\u00eddlo pro OSV\u010c v Praze","item":"https:\/\/www.sitag.cz\/virtualni-sidlo-pro-osvc-v-praze\/#breadcrumbitem"}]}]